[{"@context":"https:\/\/schema.org\/","@type":"Article","@id":"https:\/\/www.aspa.sk\/kolko-stoji-klimatizacia\/#Article","mainEntityOfPage":"https:\/\/www.aspa.sk\/kolko-stoji-klimatizacia\/","headline":"Ko\u013eko stoj\u00ed klimatiz\u00e1cia?","name":"Ko\u013eko stoj\u00ed klimatiz\u00e1cia?","description":"Ke\u010f u\u017e je to leto, tak by si ka\u017ed\u00fd \u010dlovek mal zaobstara\u0165 klimatiz\u00e1ciu. Je to z\u00e1kladn\u00e1 vec a teraz v hor\u00facich letn\u00fdch mesiacoch, kedy sa ko\u013ekokr\u00e1t v tom hor\u00fa\u010dave ani ned\u00e1 d\u00fdcha\u0165, e\u0161te viac. Ja u\u017e si \u017eivot bez klimatiz\u00e1cie nedok\u00e1\u017eem predstavi\u0165. Nedok\u00e1\u017eem si predstavi\u0165 to, \u017ee by som doma klimatiz\u00e1ciu nemala a tr\u00e1pila by [&hellip;]","datePublished":"2024-04-14","dateModified":"2024-05-14","author":{"@type":"Person","@id":"https:\/\/www.aspa.sk\/author\/devene\/#Person","name":"devene","url":"https:\/\/www.aspa.sk\/author\/devene\/","identifier":1,"image":{"@type":"ImageObject","@id":"https:\/\/secure.gravatar.com\/avatar\/d89f66f31d15c86aaa67b2d500e11b783534f791bc2a93dd89895a03d043c162?s=96&d=mm&r=g","url":"https:\/\/secure.gravatar.com\/avatar\/d89f66f31d15c86aaa67b2d500e11b783534f791bc2a93dd89895a03d043c162?s=96&d=mm&r=g","height":96,"width":96}},"publisher":{"@type":"Organization","name":"aspa.sk","logo":{"@type":"ImageObject","@id":"\/logo.png","url":"\/logo.png","width":600,"height":60}},"image":{"@type":"ImageObject","@id":"https:\/\/www.aspa.sk\/wp-content\/uploads\/1montazklimyba_2.jpg","url":"https:\/\/www.aspa.sk\/wp-content\/uploads\/1montazklimyba_2.jpg","height":0,"width":0},"url":"https:\/\/www.aspa.sk\/kolko-stoji-klimatizacia\/","about":["Business"],"wordCount":399,"articleBody":"    Ke\u010f u\u017e je to leto, tak by si ka\u017ed\u00fd \u010dlovek mal zaobstara\u0165 klimatiz\u00e1ciu. Je to z\u00e1kladn\u00e1 vec a teraz v hor\u00facich letn\u00fdch mesiacoch, kedy sa ko\u013ekokr\u00e1t v tom hor\u00fa\u010dave ani ned\u00e1 d\u00fdcha\u0165, e\u0161te viac. Ja u\u017e si \u017eivot bez klimatiz\u00e1cie nedok\u00e1\u017eem predstavi\u0165. Nedok\u00e1\u017eem si predstavi\u0165 to, \u017ee by som doma klimatiz\u00e1ciu nemala a tr\u00e1pila by som sa v t\u00fdch extr\u00e9mnych hor\u00fa\u010dav\u00e1ch. V\u017edy, ke\u010f u\u017e je to hor\u00faco neznesite\u013en\u00e9, tak si klimatiz\u00e1ciu zapnem a t\u00e1 ma kr\u00e1sne ochlad\u00ed. A ja nemus\u00edm ni\u010d rie\u0161i\u0165.  Ko\u013eko stoj\u00ed klimatiz\u00e1cia? Cena klimatiz\u00e1cie do domu sa pohybuje r\u00f4zne. Z\u00e1le\u017e\u00ed na tom, \u010di chcete nejak\u00fa \u0161peci\u00e1lnu klimatiz\u00e1ciu, ktor\u00e1 bude nejak\u00fdm sp\u00f4sobom vylep\u0161en\u00e1 alebo len oby\u010dajn\u00fa klimatiz\u00e1ciu za p\u00e1r k\u00f4stok. Ja m\u00e1m klimatiz\u00e1ciu \u00faplne oby\u010dajn\u00fa, nebola nijako drah\u00e1 a m\u00f4\u017eem v\u00e1m poveda\u0165, \u017ee svoj \u00fa\u010del pln\u00ed dokonale a pre tieto letn\u00e9 dni to \u00faplne sta\u010d\u00ed. Keby ste ale chceli nejak\u00fa lep\u0161iu klimatiz\u00e1ciu, tak sa samozrejme m\u00f4\u017eete pozrie\u0165 na internete. Tam n\u00e1jdete to\u013eko druhov klimatiz\u00e1ci\u00ed v r\u00f4znom cenovom rozp\u00e4t\u00ed, \u017ee si z toho sadnete vylo\u017eene na zadok. Ur\u010dite existuj\u00fa aj klimatiz\u00e1cie von, ktor\u00e9 s\u00fa ur\u010den\u00e9 na z\u00e1hradu a podobne.  Tie sta\u010d\u00ed tie\u017e zapoji\u0165 niekam do z\u00e1suvky a klimatiz\u00e1cia v\u00e1s v \u0161ialenej hor\u00fa\u010dave kr\u00e1sne ochlad\u00ed. A potom si u\u017e m\u00f4\u017eete leto u\u017e\u00edva\u0165 naplno. Ja osobne si leto u\u017e\u00edvam, ako m\u00f4\u017eem. Na tohtoro\u010dn\u00e9 leto som sa te\u0161ila ako ka\u017ed\u00fd rok ako mal\u00e9 die\u0165a na viano\u010dn\u00fd strom\u010dek. Leto je toti\u017e moje najob\u013e\u00fabenej\u0161ie obdobie. Niekedy norm\u00e1lne dokonca prem\u00fd\u0161\u013eam nad t\u00fdm, \u017ee sa ods\u0165ahujem niekam do tepl\u00fdch kraj\u00edn, kde je iba leto. A klimatiz\u00e1ciu by som samozrejme vzala so sebou. To je ale ot\u00e1zka bud\u00facnosti. Mo\u017eno sa naozaj pres\u0165ahujem a budem \u017ei\u0165 niekde v teple. Aj tak si ale mysl\u00edm, \u017ee by to bol trochu nezvyk, preto\u017ee u\u017e som zvyknut\u00e1 na \u0161tyri ro\u010dn\u00e9 obdobia \u2013 jar, leto, jese\u0148 a zima. Zimu teda nezn\u00e1\u0161am. Tak uvid\u00edme, ako to bude do bud\u00facnosti.                                                                                                                                                                                                                                                                                                                                                                                          4.2\/5 - (16 votes)        "},{"@context":"https:\/\/schema.org\/","@type":"BreadcrumbList","itemListElement":[{"@type":"ListItem","position":1,"name":"Ko\u013eko stoj\u00ed klimatiz\u00e1cia?","item":"https:\/\/www.aspa.sk\/kolko-stoji-klimatizacia\/#breadcrumbitem"}]}]