[{"@context":"https:\/\/schema.org\/","@type":"Article","@id":"https:\/\/www.aspa.sk\/krasa-v-priebehu-storoci\/#Article","mainEntityOfPage":"https:\/\/www.aspa.sk\/krasa-v-priebehu-storoci\/","headline":"Kr\u00e1sa v priebehu storo\u010d\u00ed","name":"Kr\u00e1sa v priebehu storo\u010d\u00ed","description":"U\u017e akosi zo zvyku st\u00e1le posudzujeme \u013eud\u00ed &#8211; zv\u00e4\u010d\u0161a nezn\u00e1mych &#8211; pod\u013ea toho, \u010di s\u00fa pekn\u00ed alebo nie. Odhliadnuc od toho, \u017ee tak\u00e9to rozli\u0161ovanie je ve\u013emi povrchn\u00e9, kto m\u00f4\u017ee poveda\u0165, \u010do je skuto\u010dn\u00e1 kr\u00e1sa? Odkedy je \u013eudstvo \u013eudstvom, za kr\u00e1sne sa pova\u017eovalo v\u017edy \u010dosi in\u00e9. U\u017e v staroveku \u017eeny pou\u017e\u00edvali r\u00f4zne pr\u00edrodn\u00e9 materi\u00e1ly a farbiv\u00e1, [&hellip;]","datePublished":"2022-12-17","dateModified":"2023-04-28","author":{"@type":"Person","@id":"https:\/\/www.aspa.sk\/author\/devene\/#Person","name":"devene","url":"https:\/\/www.aspa.sk\/author\/devene\/","identifier":1,"image":{"@type":"ImageObject","@id":"https:\/\/secure.gravatar.com\/avatar\/d89f66f31d15c86aaa67b2d500e11b783534f791bc2a93dd89895a03d043c162?s=96&d=mm&r=g","url":"https:\/\/secure.gravatar.com\/avatar\/d89f66f31d15c86aaa67b2d500e11b783534f791bc2a93dd89895a03d043c162?s=96&d=mm&r=g","height":96,"width":96}},"publisher":{"@type":"Organization","name":"aspa.sk","logo":{"@type":"ImageObject","@id":"\/logo.png","url":"\/logo.png","width":600,"height":60}},"image":{"@type":"ImageObject","@id":"https:\/\/www.aspa.sk\/wp-content\/uploads\/woman-g542e4886a_1920.jpg","url":"https:\/\/www.aspa.sk\/wp-content\/uploads\/woman-g542e4886a_1920.jpg","height":0,"width":0},"url":"https:\/\/www.aspa.sk\/krasa-v-priebehu-storoci\/","about":["Kr\u00e1sa"],"wordCount":491,"articleBody":"U\u017e akosi zo zvyku st\u00e1le posudzujeme \u013eud\u00ed &#8211; zv\u00e4\u010d\u0161a nezn\u00e1mych &#8211; pod\u013ea toho, \u010di s\u00fa pekn\u00ed alebo nie. Odhliadnuc od toho, \u017ee tak\u00e9to rozli\u0161ovanie je ve\u013emi povrchn\u00e9, kto m\u00f4\u017ee poveda\u0165, \u010do je skuto\u010dn\u00e1 kr\u00e1sa? Odkedy je \u013eudstvo \u013eudstvom, za kr\u00e1sne sa pova\u017eovalo v\u017edy \u010dosi in\u00e9. U\u017e v staroveku \u017eeny pou\u017e\u00edvali r\u00f4zne pr\u00edrodn\u00e9 materi\u00e1ly a farbiv\u00e1, \u010do by sme mohli prirovna\u0165 k dne\u0161n\u00fdm l\u00ed\u010didl\u00e1m a r\u00fa\u017eom. V stredoveku bolo v m\u00f3de vysok\u00e9 \u010delo, tak\u017ee \u017eeny si boli schopn\u00e9 aj holi\u0165 hlavu, len aby sa prisp\u00f4sobili nov\u00fdm trendom. K\u00fapanie bolo pova\u017eovan\u00e9 za \u010dosi hrie\u0161ne a \u0161kodliv\u00e9, tak\u017ee bez r\u00f4znych vo\u0148aviek by sa \u013eudia asi len \u0165a\u017eko obi\u0161li. Be\u017en\u00e9 boli aj v\u0161i a blchy. Prirodzene, bolo treba nejako sa proti nim br\u00e1ni\u0165. Ak nepom\u00e1hali bylinn\u00e9 vrec\u00fa\u0161ka, ktor\u00e9 mali za \u00falohu svoj\u00edm pachom odpudzova\u0165 parazity, na sc\u00e9nu museli pr\u00eds\u0165 rafinovanej\u0161ie n\u00e1stroje. V baroku, kedy aj mu\u017ei s ob\u013eubou nosili parochne, bolo zvykom nosi\u0165 pri sebe men\u0161ie pali\u010dky a pri neznesite\u013enom svrben\u00ed ich jednoducho pou\u017ei\u0165. To v\u0161etko sa medzi \u0161\u013eachtou pova\u017eovalo za norm\u00e1lne a boli schopn\u00ed pov\u00fd\u0161i\u0165 naozaj bizarn\u00e9 veci na \u00farove\u0148 m\u00f3dy. V renesancii bolo zas v ob\u013eube nosi\u0165 ako doplnky mal\u00e9 m\u0155tve vypchat\u00e9 zvieratk\u00e1, ako to m\u00f4\u017eeme vidie\u0165 na nieko\u013ek\u00fdch ma\u013eb\u00e1ch. V dev\u00e4tn\u00e1stom storo\u010d\u00ed by sme mohli vidie\u0165 d\u00e1my v neust\u00e1lom tieni slne\u010dn\u00edkov, ke\u010f\u017ee biela, neop\u00e1len\u00e1 ko\u017ea sa pova\u017eovala za kr\u00e1snu. Bola znakom urodzen\u00e9ho p\u00f4vodu, ke\u010f\u017ee niekto, kto bol v lete cel\u00fd op\u00e1len\u00fd musel \u0165a\u017eko pracova\u0165 na poli. Len t\u00ed bohat\u0161\u00ed mali t\u00fa v\u00fdsadu, \u017ee mohli po cel\u00e9 dni osta\u0165 chr\u00e1nen\u00ed pred slnkom. Op\u00e1len\u00e1 poko\u017eka sa za\u00a0ide\u00e1l kr\u00e1sy za\u010dal pova\u017eova\u0165 a\u017e v dvadsiatom storo\u010d\u00ed.Ve\u013ek\u00fa z\u00e1sluhu m\u00e1 na tom Marylin Monroe. A iste si v\u0161etci pam\u00e4t\u00e1me to tenk\u00e9 obo\u010die, ktor\u00e9 bolo hitom pred p\u00e1r rokmi. Dnes sa takmer ka\u017ed\u00fd sna\u017e\u00ed schudn\u00fa\u0165 alebo podst\u00fapi\u0165 plastick\u00e9 oper\u00e1cie, aby mohol vyzera\u0165 ako t\u00e1 verzia seba, o ktorej si mysl\u00ed, \u017ee je kr\u00e1sna. Mali by sme v\u0161ak zosta\u0165 sami sebou. Ako vid\u00edme, v priebehu storo\u010d\u00ed sa za kr\u00e1su ozna\u010dovalo v\u017edy nie\u010do in\u00e9 a \u013eudia boli ochotn\u00ed pre to spravi\u0165 naozaj bizarn\u00e9 \u00fastupky. Aj tak plat\u00ed, \u017ee ka\u017ed\u00e9mu sa p\u00e1\u010di \u010dosi in\u00e9, preto by sme nemali drasticky meni\u0165 svoje telo, ale prija\u0165 sa tak\u00ed, ak\u00ed sme. Ur\u010dite na svete existuje niekto, kto by si o v\u00e1s pomyslel, \u017ee ste kr\u00e1sni, aj keby ste si to pr\u00e1ve vy nemysleli.                                                                                                                                                                                                                                                                                                                                                                                        4.3\/5 - (9 votes)        "},{"@context":"https:\/\/schema.org\/","@type":"BreadcrumbList","itemListElement":[{"@type":"ListItem","position":1,"name":"Kr\u00e1sa v priebehu storo\u010d\u00ed","item":"https:\/\/www.aspa.sk\/krasa-v-priebehu-storoci\/#breadcrumbitem"}]}]